{"id":304,"date":"2022-09-10T08:31:53","date_gmt":"2022-09-10T08:31:53","guid":{"rendered":"https:\/\/batirjeunesseausoleil.org\/2022\/09\/10\/pourquoi-lutilisons-nous\/"},"modified":"2024-11-04T16:16:22","modified_gmt":"2024-11-04T16:16:22","slug":"les-fondations-familiales","status":"publish","type":"post","link":"https:\/\/batirjeunesseausoleil.org\/fr\/2022\/09\/10\/les-fondations-familiales\/","title":{"rendered":"Les fondations familiales de Montr\u00e9al s\u2019unissent pour soutenir Jeunesse au Soleil"},"content":{"rendered":"\t\t<div data-elementor-type=\"wp-post\" data-elementor-id=\"304\" class=\"elementor elementor-304 elementor-138\" data-elementor-post-type=\"post\">\n\t\t\t\t\t\t<section class=\"elementor-section elementor-top-section elementor-element elementor-element-335bf428 elementor-section-boxed elementor-section-height-default elementor-section-height-default\" data-id=\"335bf428\" data-element_type=\"section\" data-e-type=\"section\">\n\t\t\t\t\t\t<div class=\"elementor-container elementor-column-gap-default\">\n\t\t\t\t\t<div class=\"elementor-column elementor-col-100 elementor-top-column elementor-element elementor-element-523a7d40\" data-id=\"523a7d40\" data-element_type=\"column\" data-e-type=\"column\">\n\t\t\t<div class=\"elementor-widget-wrap elementor-element-populated\">\n\t\t\t\t\t\t<div class=\"elementor-element elementor-element-fd3a83e elementor-widget elementor-widget-image\" data-id=\"fd3a83e\" data-element_type=\"widget\" data-e-type=\"widget\" data-widget_type=\"image.default\">\n\t\t\t\t<div class=\"elementor-widget-container\">\n\t\t\t\t\t\t\t\t\t\t\t\t\t\t\t<img fetchpriority=\"high\" decoding=\"async\" width=\"1536\" height=\"1057\" src=\"https:\/\/batirjeunesseausoleil.org\/wp-content\/uploads\/2023\/03\/EXT_ETE_LOGO_COMP-1536x1057.jpg\" class=\"attachment-1536x1536 size-1536x1536 wp-image-1522\" alt=\"\" srcset=\"https:\/\/batirjeunesseausoleil.org\/wp-content\/uploads\/2023\/03\/EXT_ETE_LOGO_COMP-1536x1057.jpg 1536w, https:\/\/batirjeunesseausoleil.org\/wp-content\/uploads\/2023\/03\/EXT_ETE_LOGO_COMP-300x207.jpg 300w, https:\/\/batirjeunesseausoleil.org\/wp-content\/uploads\/2023\/03\/EXT_ETE_LOGO_COMP-1024x705.jpg 1024w, https:\/\/batirjeunesseausoleil.org\/wp-content\/uploads\/2023\/03\/EXT_ETE_LOGO_COMP-768x529.jpg 768w, https:\/\/batirjeunesseausoleil.org\/wp-content\/uploads\/2023\/03\/EXT_ETE_LOGO_COMP-2048x1410.jpg 2048w\" sizes=\"(max-width: 1536px) 100vw, 1536px\" \/>\t\t\t\t\t\t\t\t\t\t\t\t\t\t\t<\/div>\n\t\t\t\t<\/div>\n\t\t\t\t<div class=\"elementor-element elementor-element-1d448c6a elementor-widget elementor-widget-text-editor\" data-id=\"1d448c6a\" data-element_type=\"widget\" data-e-type=\"widget\" data-widget_type=\"text-editor.default\">\n\t\t\t\t<div class=\"elementor-widget-container\">\n\t\t\t\t\t\t\t\t\t\n<p><span style=\"font-weight: 400;\">Plusieurs familles importantes de Montr\u00e9al ont uni leurs efforts pour appuyer la campagne de Jeunesse au Soleil visant \u00e0 b\u00e2tir un avenir meilleur. Dirig\u00e9e par les copr\u00e9sidents de la campagne, Lucy Riddell, pr\u00e9sidente de la Fondation R. Howard Webster, et Claude Mongeau, ancien PDG du CN, la campagne visant \u00e0 construire un centre communautaire carboneutre pour r\u00e9unir toutes les activit\u00e9s de Jeunesse au Soleil sous un m\u00eame toit au c\u0153ur de la ville de Montr\u00e9al a \u00e9t\u00e9 lanc\u00e9e publiquement le 22 f\u00e9vrier.<\/span><\/p>\n<p><span style=\"font-weight: 400;\">La Fondation Molson, la Fondation McConnell, la Fondation J. A. DeS\u00e8ve et la Fondation Rossy ont chacune vers\u00e9 500\u2009000 $ \u00e0 l\u2019appui de la campagne, tandis que la Fondation R. Howard Webster s\u2019est engag\u00e9e \u00e0 verser un million de dollars, et la Fondation famille Mongeau, 1,3 million de dollars pour le projet en partenariat avec le programme Coup de Main du CN que M. Mongeau avait fond\u00e9 avec son \u00e9pouse Guylaine.<\/span><\/p>\n<p><span style=\"font-weight: 400;\">M<\/span><span style=\"font-weight: 400;\">me<\/span><span style=\"font-weight: 400;\"> Riddell et M. Mongeau, qui sont tous deux des donateurs de longue date de Jeunesse au Soleil, ont d\u00e9clar\u00e9 dans un communiqu\u00e9\u2009: \u00ab\u2009Individuellement, nous avons tous \u00e9t\u00e9 impliqu\u00e9s dans Jeunesse au Soleil de diff\u00e9rentes fa\u00e7ons, et nous avons \u00e9t\u00e9 t\u00e9moins de premi\u00e8re main de la fa\u00e7on dont Jeunesse au Soleil a aid\u00e9 des centaines de milliers de Montr\u00e9alais. C\u2019est pourquoi nous nous sommes r\u00e9unis pour mener cette campagne de 14 millions de dollars. Nous croyons en Jeunesse au Soleil. Et nous croyons en l\u2019importance de b\u00e2tir un meilleur avenir pour les g\u00e9n\u00e9rations \u00e0 venir.\u2009\u00bb<\/span><\/p>\n<p><b>\u00c0 propos de Jeunesse au Soleil (Sun Youth)<\/b><\/p>\n<p><span style=\"font-weight: 400;\">Depuis 1954, nous prenons soin des Montr\u00e9alais en intervenant aupr\u00e8s des personnes et des familles d\u00e9munies. Nous fournissons une gamme de services d\u2019urgence visant \u00e0 assurer leurs besoins de base et \u00e0 maintenir leur int\u00e9grit\u00e9. Nous contribuons activement \u00e0 la pr\u00e9vention du crime et favorisons le d\u00e9veloppement physique et intellectuel des jeunes par l\u2019\u00e9ducation, le sport et les loisirs. Notre objectif fondamental est de soulager la pauvret\u00e9 et de pr\u00e9venir l\u2019exclusion. Nous sommes pr\u00e9sentement en campagne majeure de financement pour la construction d\u2019un nouvel \u00e9difice carboneutre \u00e0 partir d\u2019o\u00f9 tous les services seront offerts.\u00a0<\/span><\/p>\n\t\t\t\t\t\t\t\t<\/div>\n\t\t\t\t<\/div>\n\t\t\t\t\t<\/div>\n\t\t<\/div>\n\t\t\t\t\t<\/div>\n\t\t<\/section>\n\t\t\t\t<\/div>\n\t\t","protected":false},"excerpt":{"rendered":"<p>Plusieurs familles importantes de Montr\u00e9al ont uni leurs efforts pour appuyer la campagne de Jeunesse au Soleil visant \u00e0 b\u00e2tir un avenir meilleur. Dirig\u00e9e par les copr\u00e9sidents de la campagne, Lucy Riddell, pr\u00e9sidente de la Fondation R. Howard Webster, et Claude Mongeau, ancien PDG du CN, la campagne visant \u00e0 construire un centre communautaire carboneutre [&hellip;]<\/p>\n","protected":false},"author":1,"featured_media":1351,"comment_status":"closed","ping_status":"closed","sticky":false,"template":"","format":"standard","meta":{"footnotes":""},"categories":[7],"tags":[],"class_list":["post-304","post","type-post","status-publish","format-standard","has-post-thumbnail","hentry","category-non-classifiee"],"_links":{"self":[{"href":"https:\/\/batirjeunesseausoleil.org\/fr\/wp-json\/wp\/v2\/posts\/304","targetHints":{"allow":["GET"]}}],"collection":[{"href":"https:\/\/batirjeunesseausoleil.org\/fr\/wp-json\/wp\/v2\/posts"}],"about":[{"href":"https:\/\/batirjeunesseausoleil.org\/fr\/wp-json\/wp\/v2\/types\/post"}],"author":[{"embeddable":true,"href":"https:\/\/batirjeunesseausoleil.org\/fr\/wp-json\/wp\/v2\/users\/1"}],"replies":[{"embeddable":true,"href":"https:\/\/batirjeunesseausoleil.org\/fr\/wp-json\/wp\/v2\/comments?post=304"}],"version-history":[{"count":31,"href":"https:\/\/batirjeunesseausoleil.org\/fr\/wp-json\/wp\/v2\/posts\/304\/revisions"}],"predecessor-version":[{"id":2969,"href":"https:\/\/batirjeunesseausoleil.org\/fr\/wp-json\/wp\/v2\/posts\/304\/revisions\/2969"}],"wp:featuredmedia":[{"embeddable":true,"href":"https:\/\/batirjeunesseausoleil.org\/fr\/wp-json\/wp\/v2\/media\/1351"}],"wp:attachment":[{"href":"https:\/\/batirjeunesseausoleil.org\/fr\/wp-json\/wp\/v2\/media?parent=304"}],"wp:term":[{"taxonomy":"category","embeddable":true,"href":"https:\/\/batirjeunesseausoleil.org\/fr\/wp-json\/wp\/v2\/categories?post=304"},{"taxonomy":"post_tag","embeddable":true,"href":"https:\/\/batirjeunesseausoleil.org\/fr\/wp-json\/wp\/v2\/tags?post=304"}],"curies":[{"name":"wp","href":"https:\/\/api.w.org\/{rel}","templated":true}]}}